{"id":3016,"date":"2024-10-15T13:46:47","date_gmt":"2024-10-15T13:46:47","guid":{"rendered":"https:\/\/www.hillers.de\/29-fakuma\/"},"modified":"2024-10-15T13:46:47","modified_gmt":"2024-10-15T13:46:47","slug":"29-fakuma","status":"publish","type":"post","link":"https:\/\/www.hillers.de\/hu\/29-fakuma\/","title":{"rendered":"29. Fakuma"},"content":{"rendered":"<p>A vil\u00e1g vezet\u0151 ipari m\u0171anyag-feldolgoz\u00f3 kereskedelmi rendezv\u00e9ny\u00e9n 1636 ki\u00e1ll\u00edt\u00f3 mutatta be nemzetk\u00f6zi term\u00e9k- \u00e9s szolg\u00e1ltat\u00e1sk\u00edn\u00e1lat\u00e1t. A Fakuma \u00e1tfog\u00f3 \u00e1ttekint\u00e9st ny\u00fajt az \u00f6sszes m\u0171anyagtechnol\u00f3gi\u00e1r\u00f3l. <\/p>\n<p>A Fakuma egy kiemelked\u0151 ipar\u00e1gi tal\u00e1lkoz\u00f3hely, amely glob\u00e1lis vonzer\u0151vel b\u00edr. A nemzetk\u00f6zi m\u0171anyagipari v\u00e1s\u00e1rok \u00f6sszes\u00edtett rangsor\u00e1ban a m\u00e1sodik helyen \u00e1ll. A rendezv\u00e9ny gyakoris\u00e1ga azonban a Fakuma \u00e9veinek legfontosabb ipari esem\u00e9ny\u00e9v\u00e9 teszi. Friedrichshafenben tal\u00e1lhat\u00f3 helysz\u00edn\u00e9vel a Fakuma k\u00f6zvetlen\u00fcl az ipar\u00e1g eur\u00f3pai k\u00f6zpontj\u00e1ban zajlik, \u00e9s magas sz\u00ednvonal\u00fa \u00e9s \u00e1tfog\u00f3 term\u00e9k- \u00e9s szolg\u00e1ltat\u00e1sk\u00edn\u00e1latot k\u00edn\u00e1l a fr\u00f6ccs\u00f6nt\u00e9si technol\u00f3gi\u00e1hoz &#8211; ahol a Fakuma vil\u00e1gels\u0151 -, valamint az extrud\u00e1l\u00e1shoz \u00e9s a h\u0151form\u00e1z\u00e1shoz kapcsol\u00f3d\u00f3an, ahol szint\u00e9n vezet\u0151 poz\u00edci\u00f3t foglal el. Legyen sz\u00f3 nyersanyagokr\u00f3l, feldolgoz\u00f3 g\u00e9pekr\u0151l, perif\u00e9ri\u00e1kr\u00f3l, automatiz\u00e1l\u00e1si megold\u00e1sokr\u00f3l vagy C-technol\u00f3gi\u00e1r\u00f3l &#8211; a Fakuma inform\u00e1ci\u00f3forr\u00e1s, trendbarom\u00e9ter \u00e9s \u00f6tletforr\u00e1s egyben, mik\u00f6zben meg\u0151rzi k\u00fcl\u00f6nleges szem\u00e9lyes \u00e9s k\u00f6tetlen l\u00e9gk\u00f6r\u00e9t.    <\/p>\n","protected":false},"excerpt":{"rendered":"<p>A vil\u00e1g vezet\u0151 ipari m\u0171anyag-feldolgoz\u00f3 kereskedelmi rendezv\u00e9ny\u00e9n 1636 ki\u00e1ll\u00edt\u00f3 mutatta [&hellip;]<\/p>\n","protected":false},"author":4,"featured_media":3021,"comment_status":"open","ping_status":"open","sticky":false,"template":"","format":"standard","meta":{"inline_featured_image":false,"footnotes":""},"categories":[44],"tags":[],"class_list":["post-3016","post","type-post","status-publish","format-standard","has-post-thumbnail","hentry","category-hirek"],"yoast_head":"<!-- This site is optimized with the Yoast SEO plugin v24.0 - https:\/\/yoast.com\/wordpress\/plugins\/seo\/ -->\n<title>29. Fakuma - Theo Hillers GmbH<\/title>\n<meta name=\"robots\" content=\"index, follow, max-snippet:-1, max-image-preview:large, max-video-preview:-1\" \/>\n<link rel=\"canonical\" href=\"https:\/\/www.hillers.de\/hu\/29-fakuma\/\" \/>\n<meta property=\"og:locale\" content=\"hu_HU\" \/>\n<meta property=\"og:type\" content=\"article\" \/>\n<meta property=\"og:title\" content=\"29. Fakuma - Theo Hillers GmbH\" \/>\n<meta property=\"og:description\" content=\"A vil\u00e1g vezet\u0151 ipari m\u0171anyag-feldolgoz\u00f3 kereskedelmi rendezv\u00e9ny\u00e9n 1636 ki\u00e1ll\u00edt\u00f3 mutatta [&hellip;]\" \/>\n<meta property=\"og:url\" content=\"https:\/\/www.hillers.de\/hu\/29-fakuma\/\" \/>\n<meta property=\"og:site_name\" content=\"Theo Hillers GmbH\" \/>\n<meta property=\"article:published_time\" content=\"2024-10-15T13:46:47+00:00\" \/>\n<meta property=\"og:image\" content=\"https:\/\/www.hillers.de\/wp-content\/uploads\/2024\/05\/Bild-Fakuma2024.webp\" \/>\n\t<meta property=\"og:image:width\" content=\"500\" \/>\n\t<meta property=\"og:image:height\" content=\"350\" \/>\n\t<meta property=\"og:image:type\" content=\"image\/webp\" \/>\n<meta name=\"author\" content=\"Marco Weinrich\" \/>\n<meta name=\"twitter:card\" content=\"summary_large_image\" \/>\n<meta name=\"twitter:label1\" content=\"Szerz\u0151:\" \/>\n\t<meta name=\"twitter:data1\" content=\"Marco Weinrich\" \/>\n\t<meta name=\"twitter:label2\" content=\"Becs\u00fclt olvas\u00e1si id\u0151\" \/>\n\t<meta name=\"twitter:data2\" content=\"1 perc\" \/>\n<script type=\"application\/ld+json\" class=\"yoast-schema-graph\">{\"@context\":\"https:\/\/schema.org\",\"@graph\":[{\"@type\":\"WebPage\",\"@id\":\"https:\/\/www.hillers.de\/hu\/29-fakuma\/\",\"url\":\"https:\/\/www.hillers.de\/hu\/29-fakuma\/\",\"name\":\"29. Fakuma - Theo Hillers GmbH\",\"isPartOf\":{\"@id\":\"https:\/\/www.hillers.de\/hu\/#website\"},\"primaryImageOfPage\":{\"@id\":\"https:\/\/www.hillers.de\/hu\/29-fakuma\/#primaryimage\"},\"image\":{\"@id\":\"https:\/\/www.hillers.de\/hu\/29-fakuma\/#primaryimage\"},\"thumbnailUrl\":\"https:\/\/www.hillers.de\/wp-content\/uploads\/2024\/05\/Bild-Fakuma2024.webp\",\"datePublished\":\"2024-10-15T13:46:47+00:00\",\"dateModified\":\"2024-10-15T13:46:47+00:00\",\"author\":{\"@id\":\"https:\/\/www.hillers.de\/hu\/#\/schema\/person\/d1ee18f99f27a95b75cd1e447769c9e4\"},\"breadcrumb\":{\"@id\":\"https:\/\/www.hillers.de\/hu\/29-fakuma\/#breadcrumb\"},\"inLanguage\":\"hu\",\"potentialAction\":[{\"@type\":\"ReadAction\",\"target\":[\"https:\/\/www.hillers.de\/hu\/29-fakuma\/\"]}]},{\"@type\":\"ImageObject\",\"inLanguage\":\"hu\",\"@id\":\"https:\/\/www.hillers.de\/hu\/29-fakuma\/#primaryimage\",\"url\":\"https:\/\/www.hillers.de\/wp-content\/uploads\/2024\/05\/Bild-Fakuma2024.webp\",\"contentUrl\":\"https:\/\/www.hillers.de\/wp-content\/uploads\/2024\/05\/Bild-Fakuma2024.webp\",\"width\":500,\"height\":350},{\"@type\":\"BreadcrumbList\",\"@id\":\"https:\/\/www.hillers.de\/hu\/29-fakuma\/#breadcrumb\",\"itemListElement\":[{\"@type\":\"ListItem\",\"position\":1,\"name\":\"Startseite\",\"item\":\"https:\/\/www.hillers.de\/hu\/\"},{\"@type\":\"ListItem\",\"position\":2,\"name\":\"29. Fakuma\"}]},{\"@type\":\"WebSite\",\"@id\":\"https:\/\/www.hillers.de\/hu\/#website\",\"url\":\"https:\/\/www.hillers.de\/hu\/\",\"name\":\"Theo Hillers GmbH\",\"description\":\"\",\"potentialAction\":[{\"@type\":\"SearchAction\",\"target\":{\"@type\":\"EntryPoint\",\"urlTemplate\":\"https:\/\/www.hillers.de\/hu\/?s={search_term_string}\"},\"query-input\":{\"@type\":\"PropertyValueSpecification\",\"valueRequired\":true,\"valueName\":\"search_term_string\"}}],\"inLanguage\":\"hu\"},{\"@type\":\"Person\",\"@id\":\"https:\/\/www.hillers.de\/hu\/#\/schema\/person\/d1ee18f99f27a95b75cd1e447769c9e4\",\"name\":\"Marco Weinrich\",\"image\":{\"@type\":\"ImageObject\",\"inLanguage\":\"hu\",\"@id\":\"https:\/\/www.hillers.de\/hu\/#\/schema\/person\/image\/\",\"url\":\"https:\/\/secure.gravatar.com\/avatar\/9af2f3ddcbd423b342deea4083ce1b57b699f6135010f3112cef0c285b55bdad?s=96&d=mm&r=g\",\"contentUrl\":\"https:\/\/secure.gravatar.com\/avatar\/9af2f3ddcbd423b342deea4083ce1b57b699f6135010f3112cef0c285b55bdad?s=96&d=mm&r=g\",\"caption\":\"Marco Weinrich\"}}]}<\/script>\n<!-- \/ Yoast SEO plugin. -->","yoast_head_json":{"title":"29. Fakuma - Theo Hillers GmbH","robots":{"index":"index","follow":"follow","max-snippet":"max-snippet:-1","max-image-preview":"max-image-preview:large","max-video-preview":"max-video-preview:-1"},"canonical":"https:\/\/www.hillers.de\/hu\/29-fakuma\/","og_locale":"hu_HU","og_type":"article","og_title":"29. Fakuma - Theo Hillers GmbH","og_description":"A vil\u00e1g vezet\u0151 ipari m\u0171anyag-feldolgoz\u00f3 kereskedelmi rendezv\u00e9ny\u00e9n 1636 ki\u00e1ll\u00edt\u00f3 mutatta [&hellip;]","og_url":"https:\/\/www.hillers.de\/hu\/29-fakuma\/","og_site_name":"Theo Hillers GmbH","article_published_time":"2024-10-15T13:46:47+00:00","og_image":[{"width":500,"height":350,"url":"https:\/\/www.hillers.de\/wp-content\/uploads\/2024\/05\/Bild-Fakuma2024.webp","type":"image\/webp"}],"author":"Marco Weinrich","twitter_card":"summary_large_image","twitter_misc":{"Szerz\u0151:":"Marco Weinrich","Becs\u00fclt olvas\u00e1si id\u0151":"1 perc"},"schema":{"@context":"https:\/\/schema.org","@graph":[{"@type":"WebPage","@id":"https:\/\/www.hillers.de\/hu\/29-fakuma\/","url":"https:\/\/www.hillers.de\/hu\/29-fakuma\/","name":"29. Fakuma - Theo Hillers GmbH","isPartOf":{"@id":"https:\/\/www.hillers.de\/hu\/#website"},"primaryImageOfPage":{"@id":"https:\/\/www.hillers.de\/hu\/29-fakuma\/#primaryimage"},"image":{"@id":"https:\/\/www.hillers.de\/hu\/29-fakuma\/#primaryimage"},"thumbnailUrl":"https:\/\/www.hillers.de\/wp-content\/uploads\/2024\/05\/Bild-Fakuma2024.webp","datePublished":"2024-10-15T13:46:47+00:00","dateModified":"2024-10-15T13:46:47+00:00","author":{"@id":"https:\/\/www.hillers.de\/hu\/#\/schema\/person\/d1ee18f99f27a95b75cd1e447769c9e4"},"breadcrumb":{"@id":"https:\/\/www.hillers.de\/hu\/29-fakuma\/#breadcrumb"},"inLanguage":"hu","potentialAction":[{"@type":"ReadAction","target":["https:\/\/www.hillers.de\/hu\/29-fakuma\/"]}]},{"@type":"ImageObject","inLanguage":"hu","@id":"https:\/\/www.hillers.de\/hu\/29-fakuma\/#primaryimage","url":"https:\/\/www.hillers.de\/wp-content\/uploads\/2024\/05\/Bild-Fakuma2024.webp","contentUrl":"https:\/\/www.hillers.de\/wp-content\/uploads\/2024\/05\/Bild-Fakuma2024.webp","width":500,"height":350},{"@type":"BreadcrumbList","@id":"https:\/\/www.hillers.de\/hu\/29-fakuma\/#breadcrumb","itemListElement":[{"@type":"ListItem","position":1,"name":"Startseite","item":"https:\/\/www.hillers.de\/hu\/"},{"@type":"ListItem","position":2,"name":"29. Fakuma"}]},{"@type":"WebSite","@id":"https:\/\/www.hillers.de\/hu\/#website","url":"https:\/\/www.hillers.de\/hu\/","name":"Theo Hillers GmbH","description":"","potentialAction":[{"@type":"SearchAction","target":{"@type":"EntryPoint","urlTemplate":"https:\/\/www.hillers.de\/hu\/?s={search_term_string}"},"query-input":{"@type":"PropertyValueSpecification","valueRequired":true,"valueName":"search_term_string"}}],"inLanguage":"hu"},{"@type":"Person","@id":"https:\/\/www.hillers.de\/hu\/#\/schema\/person\/d1ee18f99f27a95b75cd1e447769c9e4","name":"Marco Weinrich","image":{"@type":"ImageObject","inLanguage":"hu","@id":"https:\/\/www.hillers.de\/hu\/#\/schema\/person\/image\/","url":"https:\/\/secure.gravatar.com\/avatar\/9af2f3ddcbd423b342deea4083ce1b57b699f6135010f3112cef0c285b55bdad?s=96&d=mm&r=g","contentUrl":"https:\/\/secure.gravatar.com\/avatar\/9af2f3ddcbd423b342deea4083ce1b57b699f6135010f3112cef0c285b55bdad?s=96&d=mm&r=g","caption":"Marco Weinrich"}}]}},"_links":{"self":[{"href":"https:\/\/www.hillers.de\/hu\/wp-json\/wp\/v2\/posts\/3016","targetHints":{"allow":["GET"]}}],"collection":[{"href":"https:\/\/www.hillers.de\/hu\/wp-json\/wp\/v2\/posts"}],"about":[{"href":"https:\/\/www.hillers.de\/hu\/wp-json\/wp\/v2\/types\/post"}],"author":[{"embeddable":true,"href":"https:\/\/www.hillers.de\/hu\/wp-json\/wp\/v2\/users\/4"}],"replies":[{"embeddable":true,"href":"https:\/\/www.hillers.de\/hu\/wp-json\/wp\/v2\/comments?post=3016"}],"version-history":[{"count":0,"href":"https:\/\/www.hillers.de\/hu\/wp-json\/wp\/v2\/posts\/3016\/revisions"}],"wp:featuredmedia":[{"embeddable":true,"href":"https:\/\/www.hillers.de\/hu\/wp-json\/wp\/v2\/media\/3021"}],"wp:attachment":[{"href":"https:\/\/www.hillers.de\/hu\/wp-json\/wp\/v2\/media?parent=3016"}],"wp:term":[{"taxonomy":"category","embeddable":true,"href":"https:\/\/www.hillers.de\/hu\/wp-json\/wp\/v2\/categories?post=3016"},{"taxonomy":"post_tag","embeddable":true,"href":"https:\/\/www.hillers.de\/hu\/wp-json\/wp\/v2\/tags?post=3016"}],"curies":[{"name":"wp","href":"https:\/\/api.w.org\/{rel}","templated":true}]}}