{"id":3019,"date":"2025-02-10T12:05:34","date_gmt":"2025-02-10T12:05:34","guid":{"rendered":"https:\/\/www.hillers.de\/2025-marcius-13-an-a-2025-evi-tanuloszerzodeses-gyakorlati-vasar-az-eselyed-egy-tanuloszerzodeses-gyakorlati-helyre\/"},"modified":"2025-02-10T12:05:34","modified_gmt":"2025-02-10T12:05:34","slug":"2025-marcius-13-an-a-2025-evi-tanuloszerzodeses-gyakorlati-vasar-az-eselyed-egy-tanuloszerzodeses-gyakorlati-helyre","status":"publish","type":"post","link":"https:\/\/www.hillers.de\/hu\/2025-marcius-13-an-a-2025-evi-tanuloszerzodeses-gyakorlati-vasar-az-eselyed-egy-tanuloszerzodeses-gyakorlati-helyre\/","title":{"rendered":"2025. m\u00e1rcius 13-\u00e1n a 2025. \u00e9vi tanul\u00f3szerz\u0151d\u00e9ses gyakorlati v\u00e1s\u00e1r: Az es\u00e9lyed egy tanul\u00f3szerz\u0151d\u00e9ses gyakorlati helyre!"},"content":{"rendered":"<div>\n<p class=\"x_MsoNormal\">2025-ben szeretn\u00e9l tanul\u00f3szerz\u0151d\u00e9ses gyakorlati helyet tal\u00e1lni? Akkor jegyezze fel 2025. m\u00e1rcius 13-\u00e1t! Ugyanis ezen a napon ker\u00fcl sor az els\u0151 Check IN tanul\u00f3szerz\u0151d\u00e9ses gyakorlati k\u00e9pz\u00e9sre a r\u00e9gi ruhagy\u00e1r &#8222;nappalij\u00e1ban&#8221;, \u00e9s lehet\u0151s\u00e9ged lesz szem\u00e9lyesen tal\u00e1lkozni a potenci\u00e1lis munkaad\u00f3kkal.  <\/p>\n<\/div>\n<div>\n<p class=\"x_MsoNormal\"><strong>Mikor:<\/strong><br \/>\n2025 m\u00e1rcius 13., 15 \u00e9s 19 \u00f3ra k\u00f6z\u00f6tt.<\/p>\n<\/div>\n<div>\n<p class=\"x_MsoNormal\"><strong>Mire sz\u00e1m\u00edthat?<\/strong><br \/>\nA rendezv\u00e9ny lehet\u0151s\u00e9get k\u00edn\u00e1l arra, hogy k\u00f6zvetlen\u00fcl bemutatkozhasson a k\u00fcl\u00f6nb\u00f6z\u0151 \u00e1gazatokban m\u0171k\u00f6d\u0151 v\u00e1llalatoknak, \u00e9s t\u00e1j\u00e9koz\u00f3djon a k\u00e9pz\u00e9si lehet\u0151s\u00e9gekr\u0151l. Itt fontos kapcsolatokra tehet szert, \u00e9s t\u00f6bbet megtudhat a k\u00fcl\u00f6nb\u00f6z\u0151 munkak\u00f6ri profilokr\u00f3l \u00e9s k\u00f6vetelm\u00e9nyekr\u0151l. Lehet\u0151s\u00e9g van arra is, hogy k\u00f6zvetlen\u00fcl az illet\u00e9kesekkel besz\u00e9lgessen \u00e9s k\u00e9rd\u00e9seket tegyen fel.  <\/p>\n<\/div>\n<div>\n<p class=\"x_MsoNormal\"><strong>Hol?<\/strong><br \/>\nJosef-Ruhr-Str. 30<br \/>\n53879 Euskirchen 53879 Euskirchen <\/p>\n<p class=\"x_MsoNormal\">A r\u00e9gi ruhagy\u00e1r k\u00f6nnyen megk\u00f6zel\u00edthet\u0151, \u00e9s rengeteg parkol\u00f3hely \u00e1ll rendelkez\u00e9sre. Sz\u00edvesen l\u00e1tjuk, ha egy kicsit kor\u00e1bban \u00e9rkezik, hogy k\u00f6r\u00fcln\u00e9zhessen \u00e9s felk\u00e9sz\u00fclhessen. <\/p>\n<\/div>\n<div>\n<p class=\"x_MsoNormal\"><strong>Hogyan lehet felk\u00e9sz\u00fclni az esem\u00e9nyre?<\/strong><br \/>\nNe felejtsd el magaddal hozni a jelentkez\u00e9si dokumentumaidat! A ki\u00e1ll\u00edt\u00f3k v\u00e1rj\u00e1k, hogy t\u00f6bbet megtudjanak r\u00f3lad \u00e9s megismerjenek t\u00e9ged. Felt\u00e9tlen\u00fcl t\u00e1j\u00e9koz\u00f3dj el\u0151re a c\u00e9gekr\u0151l, hogy konkr\u00e9t k\u00e9rd\u00e9seket tudj feltenni. A rendezv\u00e9nyt az id\u0151pontot megel\u0151z\u0151 hetekben r\u00e1di\u00f3n, sajt\u00f3n \u00e9s a k\u00f6z\u00f6ss\u00e9gi m\u00e9di\u00e1ban, p\u00e9ld\u00e1ul a Facebookon, az Instagramon \u00e9s az X-en (kor\u00e1bban Twitter) kereszt\u00fcl hirdetik, \u00edgy biztos lehetsz benne, hogy sok v\u00e1llalat ott lesz.   <\/p>\n<\/div>\n<div>\n<p class=\"x_MsoNormal\">Haszn\u00e1lja ki a lehet\u0151s\u00e9get, hogy megtegye az els\u0151 l\u00e9p\u00e9st a szakmai j\u00f6v\u0151je fel\u00e9, \u00e9s megtal\u00e1lja \u00e1lmai \u00e1ll\u00e1s\u00e1t! Szeretettel v\u00e1rjuk a korai bejelentkez\u00e9sre a CHECK IN &#8211; K\u00e9pz\u00e9s 2025 rendezv\u00e9nyen. <\/p>\n<\/div>\n<div>\n<p class=\"x_MsoNormal\"><strong>Hamarosan tal\u00e1lkozunk!<\/strong><\/p>\n<\/div>\n","protected":false},"excerpt":{"rendered":"<p>2025-ben szeretn\u00e9l tanul\u00f3szerz\u0151d\u00e9ses gyakorlati helyet tal\u00e1lni? Akkor jegyezze fel 2025. [&hellip;]<\/p>\n","protected":false},"author":4,"featured_media":3026,"comment_status":"open","ping_status":"open","sticky":false,"template":"","format":"standard","meta":{"inline_featured_image":false,"footnotes":""},"categories":[44],"tags":[],"class_list":["post-3019","post","type-post","status-publish","format-standard","has-post-thumbnail","hentry","category-hirek"],"yoast_head":"<!-- This site is optimized with the Yoast SEO plugin v24.0 - https:\/\/yoast.com\/wordpress\/plugins\/seo\/ -->\n<title>2025. m\u00e1rcius 13-\u00e1n a 2025. \u00e9vi tanul\u00f3szerz\u0151d\u00e9ses gyakorlati v\u00e1s\u00e1r: Az es\u00e9lyed egy tanul\u00f3szerz\u0151d\u00e9ses gyakorlati helyre! - Theo Hillers GmbH<\/title>\n<meta name=\"robots\" content=\"index, follow, max-snippet:-1, max-image-preview:large, max-video-preview:-1\" \/>\n<link rel=\"canonical\" href=\"https:\/\/www.hillers.de\/hu\/2025-marcius-13-an-a-2025-evi-tanuloszerzodeses-gyakorlati-vasar-az-eselyed-egy-tanuloszerzodeses-gyakorlati-helyre\/\" \/>\n<meta property=\"og:locale\" content=\"hu_HU\" \/>\n<meta property=\"og:type\" content=\"article\" \/>\n<meta property=\"og:title\" content=\"2025. m\u00e1rcius 13-\u00e1n a 2025. \u00e9vi tanul\u00f3szerz\u0151d\u00e9ses gyakorlati v\u00e1s\u00e1r: Az es\u00e9lyed egy tanul\u00f3szerz\u0151d\u00e9ses gyakorlati helyre! - Theo Hillers GmbH\" \/>\n<meta property=\"og:description\" content=\"2025-ben szeretn\u00e9l tanul\u00f3szerz\u0151d\u00e9ses gyakorlati helyet tal\u00e1lni? Akkor jegyezze fel 2025. [&hellip;]\" \/>\n<meta property=\"og:url\" content=\"https:\/\/www.hillers.de\/hu\/2025-marcius-13-an-a-2025-evi-tanuloszerzodeses-gyakorlati-vasar-az-eselyed-egy-tanuloszerzodeses-gyakorlati-helyre\/\" \/>\n<meta property=\"og:site_name\" content=\"Theo Hillers GmbH\" \/>\n<meta property=\"article:published_time\" content=\"2025-02-10T12:05:34+00:00\" \/>\n<meta property=\"og:image\" content=\"https:\/\/www.hillers.de\/wp-content\/uploads\/2025\/02\/hillers_ausbildung.webp\" \/>\n\t<meta property=\"og:image:width\" content=\"500\" \/>\n\t<meta property=\"og:image:height\" content=\"350\" \/>\n\t<meta property=\"og:image:type\" content=\"image\/webp\" \/>\n<meta name=\"author\" content=\"Marco Weinrich\" \/>\n<meta name=\"twitter:card\" content=\"summary_large_image\" \/>\n<meta name=\"twitter:label1\" content=\"Szerz\u0151:\" \/>\n\t<meta name=\"twitter:data1\" content=\"Marco Weinrich\" \/>\n\t<meta name=\"twitter:label2\" content=\"Becs\u00fclt olvas\u00e1si id\u0151\" \/>\n\t<meta name=\"twitter:data2\" content=\"2 perc\" \/>\n<script type=\"application\/ld+json\" class=\"yoast-schema-graph\">{\"@context\":\"https:\/\/schema.org\",\"@graph\":[{\"@type\":\"WebPage\",\"@id\":\"https:\/\/www.hillers.de\/hu\/2025-marcius-13-an-a-2025-evi-tanuloszerzodeses-gyakorlati-vasar-az-eselyed-egy-tanuloszerzodeses-gyakorlati-helyre\/\",\"url\":\"https:\/\/www.hillers.de\/hu\/2025-marcius-13-an-a-2025-evi-tanuloszerzodeses-gyakorlati-vasar-az-eselyed-egy-tanuloszerzodeses-gyakorlati-helyre\/\",\"name\":\"2025. m\u00e1rcius 13-\u00e1n a 2025. \u00e9vi tanul\u00f3szerz\u0151d\u00e9ses gyakorlati v\u00e1s\u00e1r: Az es\u00e9lyed egy tanul\u00f3szerz\u0151d\u00e9ses gyakorlati helyre! - Theo Hillers GmbH\",\"isPartOf\":{\"@id\":\"https:\/\/www.hillers.de\/hu\/#website\"},\"primaryImageOfPage\":{\"@id\":\"https:\/\/www.hillers.de\/hu\/2025-marcius-13-an-a-2025-evi-tanuloszerzodeses-gyakorlati-vasar-az-eselyed-egy-tanuloszerzodeses-gyakorlati-helyre\/#primaryimage\"},\"image\":{\"@id\":\"https:\/\/www.hillers.de\/hu\/2025-marcius-13-an-a-2025-evi-tanuloszerzodeses-gyakorlati-vasar-az-eselyed-egy-tanuloszerzodeses-gyakorlati-helyre\/#primaryimage\"},\"thumbnailUrl\":\"https:\/\/www.hillers.de\/wp-content\/uploads\/2025\/02\/hillers_ausbildung.webp\",\"datePublished\":\"2025-02-10T12:05:34+00:00\",\"dateModified\":\"2025-02-10T12:05:34+00:00\",\"author\":{\"@id\":\"https:\/\/www.hillers.de\/hu\/#\/schema\/person\/d1ee18f99f27a95b75cd1e447769c9e4\"},\"breadcrumb\":{\"@id\":\"https:\/\/www.hillers.de\/hu\/2025-marcius-13-an-a-2025-evi-tanuloszerzodeses-gyakorlati-vasar-az-eselyed-egy-tanuloszerzodeses-gyakorlati-helyre\/#breadcrumb\"},\"inLanguage\":\"hu\",\"potentialAction\":[{\"@type\":\"ReadAction\",\"target\":[\"https:\/\/www.hillers.de\/hu\/2025-marcius-13-an-a-2025-evi-tanuloszerzodeses-gyakorlati-vasar-az-eselyed-egy-tanuloszerzodeses-gyakorlati-helyre\/\"]}]},{\"@type\":\"ImageObject\",\"inLanguage\":\"hu\",\"@id\":\"https:\/\/www.hillers.de\/hu\/2025-marcius-13-an-a-2025-evi-tanuloszerzodeses-gyakorlati-vasar-az-eselyed-egy-tanuloszerzodeses-gyakorlati-helyre\/#primaryimage\",\"url\":\"https:\/\/www.hillers.de\/wp-content\/uploads\/2025\/02\/hillers_ausbildung.webp\",\"contentUrl\":\"https:\/\/www.hillers.de\/wp-content\/uploads\/2025\/02\/hillers_ausbildung.webp\",\"width\":500,\"height\":350},{\"@type\":\"BreadcrumbList\",\"@id\":\"https:\/\/www.hillers.de\/hu\/2025-marcius-13-an-a-2025-evi-tanuloszerzodeses-gyakorlati-vasar-az-eselyed-egy-tanuloszerzodeses-gyakorlati-helyre\/#breadcrumb\",\"itemListElement\":[{\"@type\":\"ListItem\",\"position\":1,\"name\":\"Startseite\",\"item\":\"https:\/\/www.hillers.de\/hu\/\"},{\"@type\":\"ListItem\",\"position\":2,\"name\":\"2025. m\u00e1rcius 13-\u00e1n a 2025. \u00e9vi tanul\u00f3szerz\u0151d\u00e9ses gyakorlati v\u00e1s\u00e1r: Az es\u00e9lyed egy tanul\u00f3szerz\u0151d\u00e9ses gyakorlati helyre!\"}]},{\"@type\":\"WebSite\",\"@id\":\"https:\/\/www.hillers.de\/hu\/#website\",\"url\":\"https:\/\/www.hillers.de\/hu\/\",\"name\":\"Theo Hillers GmbH\",\"description\":\"\",\"potentialAction\":[{\"@type\":\"SearchAction\",\"target\":{\"@type\":\"EntryPoint\",\"urlTemplate\":\"https:\/\/www.hillers.de\/hu\/?s={search_term_string}\"},\"query-input\":{\"@type\":\"PropertyValueSpecification\",\"valueRequired\":true,\"valueName\":\"search_term_string\"}}],\"inLanguage\":\"hu\"},{\"@type\":\"Person\",\"@id\":\"https:\/\/www.hillers.de\/hu\/#\/schema\/person\/d1ee18f99f27a95b75cd1e447769c9e4\",\"name\":\"Marco Weinrich\",\"image\":{\"@type\":\"ImageObject\",\"inLanguage\":\"hu\",\"@id\":\"https:\/\/www.hillers.de\/hu\/#\/schema\/person\/image\/\",\"url\":\"https:\/\/secure.gravatar.com\/avatar\/9af2f3ddcbd423b342deea4083ce1b57b699f6135010f3112cef0c285b55bdad?s=96&d=mm&r=g\",\"contentUrl\":\"https:\/\/secure.gravatar.com\/avatar\/9af2f3ddcbd423b342deea4083ce1b57b699f6135010f3112cef0c285b55bdad?s=96&d=mm&r=g\",\"caption\":\"Marco Weinrich\"}}]}<\/script>\n<!-- \/ Yoast SEO plugin. -->","yoast_head_json":{"title":"2025. m\u00e1rcius 13-\u00e1n a 2025. \u00e9vi tanul\u00f3szerz\u0151d\u00e9ses gyakorlati v\u00e1s\u00e1r: Az es\u00e9lyed egy tanul\u00f3szerz\u0151d\u00e9ses gyakorlati helyre! - Theo Hillers GmbH","robots":{"index":"index","follow":"follow","max-snippet":"max-snippet:-1","max-image-preview":"max-image-preview:large","max-video-preview":"max-video-preview:-1"},"canonical":"https:\/\/www.hillers.de\/hu\/2025-marcius-13-an-a-2025-evi-tanuloszerzodeses-gyakorlati-vasar-az-eselyed-egy-tanuloszerzodeses-gyakorlati-helyre\/","og_locale":"hu_HU","og_type":"article","og_title":"2025. m\u00e1rcius 13-\u00e1n a 2025. \u00e9vi tanul\u00f3szerz\u0151d\u00e9ses gyakorlati v\u00e1s\u00e1r: Az es\u00e9lyed egy tanul\u00f3szerz\u0151d\u00e9ses gyakorlati helyre! - Theo Hillers GmbH","og_description":"2025-ben szeretn\u00e9l tanul\u00f3szerz\u0151d\u00e9ses gyakorlati helyet tal\u00e1lni? Akkor jegyezze fel 2025. [&hellip;]","og_url":"https:\/\/www.hillers.de\/hu\/2025-marcius-13-an-a-2025-evi-tanuloszerzodeses-gyakorlati-vasar-az-eselyed-egy-tanuloszerzodeses-gyakorlati-helyre\/","og_site_name":"Theo Hillers GmbH","article_published_time":"2025-02-10T12:05:34+00:00","og_image":[{"width":500,"height":350,"url":"https:\/\/www.hillers.de\/wp-content\/uploads\/2025\/02\/hillers_ausbildung.webp","type":"image\/webp"}],"author":"Marco Weinrich","twitter_card":"summary_large_image","twitter_misc":{"Szerz\u0151:":"Marco Weinrich","Becs\u00fclt olvas\u00e1si id\u0151":"2 perc"},"schema":{"@context":"https:\/\/schema.org","@graph":[{"@type":"WebPage","@id":"https:\/\/www.hillers.de\/hu\/2025-marcius-13-an-a-2025-evi-tanuloszerzodeses-gyakorlati-vasar-az-eselyed-egy-tanuloszerzodeses-gyakorlati-helyre\/","url":"https:\/\/www.hillers.de\/hu\/2025-marcius-13-an-a-2025-evi-tanuloszerzodeses-gyakorlati-vasar-az-eselyed-egy-tanuloszerzodeses-gyakorlati-helyre\/","name":"2025. m\u00e1rcius 13-\u00e1n a 2025. \u00e9vi tanul\u00f3szerz\u0151d\u00e9ses gyakorlati v\u00e1s\u00e1r: Az es\u00e9lyed egy tanul\u00f3szerz\u0151d\u00e9ses gyakorlati helyre! - Theo Hillers GmbH","isPartOf":{"@id":"https:\/\/www.hillers.de\/hu\/#website"},"primaryImageOfPage":{"@id":"https:\/\/www.hillers.de\/hu\/2025-marcius-13-an-a-2025-evi-tanuloszerzodeses-gyakorlati-vasar-az-eselyed-egy-tanuloszerzodeses-gyakorlati-helyre\/#primaryimage"},"image":{"@id":"https:\/\/www.hillers.de\/hu\/2025-marcius-13-an-a-2025-evi-tanuloszerzodeses-gyakorlati-vasar-az-eselyed-egy-tanuloszerzodeses-gyakorlati-helyre\/#primaryimage"},"thumbnailUrl":"https:\/\/www.hillers.de\/wp-content\/uploads\/2025\/02\/hillers_ausbildung.webp","datePublished":"2025-02-10T12:05:34+00:00","dateModified":"2025-02-10T12:05:34+00:00","author":{"@id":"https:\/\/www.hillers.de\/hu\/#\/schema\/person\/d1ee18f99f27a95b75cd1e447769c9e4"},"breadcrumb":{"@id":"https:\/\/www.hillers.de\/hu\/2025-marcius-13-an-a-2025-evi-tanuloszerzodeses-gyakorlati-vasar-az-eselyed-egy-tanuloszerzodeses-gyakorlati-helyre\/#breadcrumb"},"inLanguage":"hu","potentialAction":[{"@type":"ReadAction","target":["https:\/\/www.hillers.de\/hu\/2025-marcius-13-an-a-2025-evi-tanuloszerzodeses-gyakorlati-vasar-az-eselyed-egy-tanuloszerzodeses-gyakorlati-helyre\/"]}]},{"@type":"ImageObject","inLanguage":"hu","@id":"https:\/\/www.hillers.de\/hu\/2025-marcius-13-an-a-2025-evi-tanuloszerzodeses-gyakorlati-vasar-az-eselyed-egy-tanuloszerzodeses-gyakorlati-helyre\/#primaryimage","url":"https:\/\/www.hillers.de\/wp-content\/uploads\/2025\/02\/hillers_ausbildung.webp","contentUrl":"https:\/\/www.hillers.de\/wp-content\/uploads\/2025\/02\/hillers_ausbildung.webp","width":500,"height":350},{"@type":"BreadcrumbList","@id":"https:\/\/www.hillers.de\/hu\/2025-marcius-13-an-a-2025-evi-tanuloszerzodeses-gyakorlati-vasar-az-eselyed-egy-tanuloszerzodeses-gyakorlati-helyre\/#breadcrumb","itemListElement":[{"@type":"ListItem","position":1,"name":"Startseite","item":"https:\/\/www.hillers.de\/hu\/"},{"@type":"ListItem","position":2,"name":"2025. m\u00e1rcius 13-\u00e1n a 2025. \u00e9vi tanul\u00f3szerz\u0151d\u00e9ses gyakorlati v\u00e1s\u00e1r: Az es\u00e9lyed egy tanul\u00f3szerz\u0151d\u00e9ses gyakorlati helyre!"}]},{"@type":"WebSite","@id":"https:\/\/www.hillers.de\/hu\/#website","url":"https:\/\/www.hillers.de\/hu\/","name":"Theo Hillers GmbH","description":"","potentialAction":[{"@type":"SearchAction","target":{"@type":"EntryPoint","urlTemplate":"https:\/\/www.hillers.de\/hu\/?s={search_term_string}"},"query-input":{"@type":"PropertyValueSpecification","valueRequired":true,"valueName":"search_term_string"}}],"inLanguage":"hu"},{"@type":"Person","@id":"https:\/\/www.hillers.de\/hu\/#\/schema\/person\/d1ee18f99f27a95b75cd1e447769c9e4","name":"Marco Weinrich","image":{"@type":"ImageObject","inLanguage":"hu","@id":"https:\/\/www.hillers.de\/hu\/#\/schema\/person\/image\/","url":"https:\/\/secure.gravatar.com\/avatar\/9af2f3ddcbd423b342deea4083ce1b57b699f6135010f3112cef0c285b55bdad?s=96&d=mm&r=g","contentUrl":"https:\/\/secure.gravatar.com\/avatar\/9af2f3ddcbd423b342deea4083ce1b57b699f6135010f3112cef0c285b55bdad?s=96&d=mm&r=g","caption":"Marco Weinrich"}}]}},"_links":{"self":[{"href":"https:\/\/www.hillers.de\/hu\/wp-json\/wp\/v2\/posts\/3019","targetHints":{"allow":["GET"]}}],"collection":[{"href":"https:\/\/www.hillers.de\/hu\/wp-json\/wp\/v2\/posts"}],"about":[{"href":"https:\/\/www.hillers.de\/hu\/wp-json\/wp\/v2\/types\/post"}],"author":[{"embeddable":true,"href":"https:\/\/www.hillers.de\/hu\/wp-json\/wp\/v2\/users\/4"}],"replies":[{"embeddable":true,"href":"https:\/\/www.hillers.de\/hu\/wp-json\/wp\/v2\/comments?post=3019"}],"version-history":[{"count":0,"href":"https:\/\/www.hillers.de\/hu\/wp-json\/wp\/v2\/posts\/3019\/revisions"}],"wp:featuredmedia":[{"embeddable":true,"href":"https:\/\/www.hillers.de\/hu\/wp-json\/wp\/v2\/media\/3026"}],"wp:attachment":[{"href":"https:\/\/www.hillers.de\/hu\/wp-json\/wp\/v2\/media?parent=3019"}],"wp:term":[{"taxonomy":"category","embeddable":true,"href":"https:\/\/www.hillers.de\/hu\/wp-json\/wp\/v2\/categories?post=3019"},{"taxonomy":"post_tag","embeddable":true,"href":"https:\/\/www.hillers.de\/hu\/wp-json\/wp\/v2\/tags?post=3019"}],"curies":[{"name":"wp","href":"https:\/\/api.w.org\/{rel}","templated":true}]}}