{"id":3289,"date":"2025-09-13T13:07:53","date_gmt":"2025-09-13T13:07:53","guid":{"rendered":"https:\/\/www.hillers.de\/kepzesi-csere-a-bze-euskirchenben\/"},"modified":"2025-10-17T13:42:38","modified_gmt":"2025-10-17T13:42:38","slug":"kepzesi-csere-a-bze-euskirchenben","status":"publish","type":"post","link":"https:\/\/www.hillers.de\/hu\/kepzesi-csere-a-bze-euskirchenben\/","title":{"rendered":"K\u00e9pz\u00e9si csere a BZE Euskirchenben"},"content":{"rendered":"<p>2025. szeptember 13-\u00e1n k\u00e9pviseltett\u00fck magunkat a BZE Euskirchenben megrendezett k\u00e9pz\u00e9si b\u00f6rz\u00e9n, \u00e9s sz\u00e1mos \u00e9rdekl\u0151d\u0151 di\u00e1knak mutathattuk be szakk\u00e9pz\u00e9si lehet\u0151s\u00e9geinket.<\/p>\n<p>A standunk l\u00e1togat\u00f3i izgalmas betekint\u00e9st nyerhettek a technol\u00f3gia vil\u00e1g\u00e1ba. A 3D nyomtat\u00e1st\u00f3l a szenzortechnol\u00f3gi\u00e1n \u00e1t a szersz\u00e1mtechnol\u00f3gi\u00e1ig. K\u00fcl\u00f6n\u00f6sen n\u00e9pszer\u0171 volt a szem\u00e9lyre szabott arculati jelek 3D nyomtat\u00e1si elj\u00e1r\u00e1ssal t\u00f6rt\u00e9n\u0151 el\u0151\u00e1ll\u00edt\u00e1sa. A r\u00e9sztvev\u0151k maguk is kipr\u00f3b\u00e1lhatt\u00e1k az \u00e9rz\u00e9kel\u0151t\u00e1bl\u00e1t, vagy szersz\u00e1mac\u00e9lb\u00f3l k\u00e9sz\u00edthettek bev\u00e1s\u00e1rl\u00f3csipet.   <\/p>\n<p>Sikeres nap, sok \u00e9rdekes besz\u00e9lget\u00e9ssel!<\/p>\n","protected":false},"excerpt":{"rendered":"<p>2025. szeptember 13-\u00e1n k\u00e9pviseltett\u00fck magunkat a BZE Euskirchenben megrendezett k\u00e9pz\u00e9si [&hellip;]<\/p>\n","protected":false},"author":6,"featured_media":3286,"comment_status":"closed","ping_status":"open","sticky":false,"template":"","format":"standard","meta":{"inline_featured_image":false,"footnotes":""},"categories":[44],"tags":[],"class_list":["post-3289","post","type-post","status-publish","format-standard","has-post-thumbnail","hentry","category-hirek"],"yoast_head":"<!-- This site is optimized with the Yoast SEO plugin v24.0 - https:\/\/yoast.com\/wordpress\/plugins\/seo\/ -->\n<title>K\u00e9pz\u00e9si csere a BZE Euskirchenben - Theo Hillers GmbH<\/title>\n<meta name=\"robots\" content=\"index, follow, max-snippet:-1, max-image-preview:large, max-video-preview:-1\" \/>\n<link rel=\"canonical\" href=\"https:\/\/www.hillers.de\/hu\/kepzesi-csere-a-bze-euskirchenben\/\" \/>\n<meta property=\"og:locale\" content=\"hu_HU\" \/>\n<meta property=\"og:type\" content=\"article\" \/>\n<meta property=\"og:title\" content=\"K\u00e9pz\u00e9si csere a BZE Euskirchenben - Theo Hillers GmbH\" \/>\n<meta property=\"og:description\" content=\"2025. szeptember 13-\u00e1n k\u00e9pviseltett\u00fck magunkat a BZE Euskirchenben megrendezett k\u00e9pz\u00e9si [&hellip;]\" \/>\n<meta property=\"og:url\" content=\"https:\/\/www.hillers.de\/hu\/kepzesi-csere-a-bze-euskirchenben\/\" \/>\n<meta property=\"og:site_name\" content=\"Theo Hillers GmbH\" \/>\n<meta property=\"article:published_time\" content=\"2025-09-13T13:07:53+00:00\" \/>\n<meta property=\"article:modified_time\" content=\"2025-10-17T13:42:38+00:00\" \/>\n<meta property=\"og:image\" content=\"https:\/\/www.hillers.de\/wp-content\/uploads\/2025\/10\/theo-hillers-ausbildungsmesse-1.webp\" \/>\n\t<meta property=\"og:image:width\" content=\"800\" \/>\n\t<meta property=\"og:image:height\" content=\"943\" \/>\n\t<meta property=\"og:image:type\" content=\"image\/webp\" \/>\n<meta name=\"author\" content=\"jkikillus\" \/>\n<meta name=\"twitter:card\" content=\"summary_large_image\" \/>\n<meta name=\"twitter:label1\" content=\"Szerz\u0151:\" \/>\n\t<meta name=\"twitter:data1\" content=\"jkikillus\" \/>\n\t<meta name=\"twitter:label2\" content=\"Becs\u00fclt olvas\u00e1si id\u0151\" \/>\n\t<meta name=\"twitter:data2\" content=\"1 perc\" \/>\n<script type=\"application\/ld+json\" class=\"yoast-schema-graph\">{\"@context\":\"https:\/\/schema.org\",\"@graph\":[{\"@type\":\"WebPage\",\"@id\":\"https:\/\/www.hillers.de\/hu\/kepzesi-csere-a-bze-euskirchenben\/\",\"url\":\"https:\/\/www.hillers.de\/hu\/kepzesi-csere-a-bze-euskirchenben\/\",\"name\":\"K\u00e9pz\u00e9si csere a BZE Euskirchenben - Theo Hillers GmbH\",\"isPartOf\":{\"@id\":\"https:\/\/www.hillers.de\/hu\/#website\"},\"primaryImageOfPage\":{\"@id\":\"https:\/\/www.hillers.de\/hu\/kepzesi-csere-a-bze-euskirchenben\/#primaryimage\"},\"image\":{\"@id\":\"https:\/\/www.hillers.de\/hu\/kepzesi-csere-a-bze-euskirchenben\/#primaryimage\"},\"thumbnailUrl\":\"https:\/\/www.hillers.de\/wp-content\/uploads\/2025\/10\/theo-hillers-ausbildungsmesse-1.webp\",\"datePublished\":\"2025-09-13T13:07:53+00:00\",\"dateModified\":\"2025-10-17T13:42:38+00:00\",\"author\":{\"@id\":\"https:\/\/www.hillers.de\/hu\/#\/schema\/person\/77e6815702dcabe36b45868c0a562664\"},\"breadcrumb\":{\"@id\":\"https:\/\/www.hillers.de\/hu\/kepzesi-csere-a-bze-euskirchenben\/#breadcrumb\"},\"inLanguage\":\"hu\",\"potentialAction\":[{\"@type\":\"ReadAction\",\"target\":[\"https:\/\/www.hillers.de\/hu\/kepzesi-csere-a-bze-euskirchenben\/\"]}]},{\"@type\":\"ImageObject\",\"inLanguage\":\"hu\",\"@id\":\"https:\/\/www.hillers.de\/hu\/kepzesi-csere-a-bze-euskirchenben\/#primaryimage\",\"url\":\"https:\/\/www.hillers.de\/wp-content\/uploads\/2025\/10\/theo-hillers-ausbildungsmesse-1.webp\",\"contentUrl\":\"https:\/\/www.hillers.de\/wp-content\/uploads\/2025\/10\/theo-hillers-ausbildungsmesse-1.webp\",\"width\":800,\"height\":943,\"caption\":\"Ausbildungsmesse \u2022 Theo Hillers\"},{\"@type\":\"BreadcrumbList\",\"@id\":\"https:\/\/www.hillers.de\/hu\/kepzesi-csere-a-bze-euskirchenben\/#breadcrumb\",\"itemListElement\":[{\"@type\":\"ListItem\",\"position\":1,\"name\":\"Startseite\",\"item\":\"https:\/\/www.hillers.de\/hu\/\"},{\"@type\":\"ListItem\",\"position\":2,\"name\":\"K\u00e9pz\u00e9si csere a BZE Euskirchenben\"}]},{\"@type\":\"WebSite\",\"@id\":\"https:\/\/www.hillers.de\/hu\/#website\",\"url\":\"https:\/\/www.hillers.de\/hu\/\",\"name\":\"Theo Hillers GmbH\",\"description\":\"\",\"potentialAction\":[{\"@type\":\"SearchAction\",\"target\":{\"@type\":\"EntryPoint\",\"urlTemplate\":\"https:\/\/www.hillers.de\/hu\/?s={search_term_string}\"},\"query-input\":{\"@type\":\"PropertyValueSpecification\",\"valueRequired\":true,\"valueName\":\"search_term_string\"}}],\"inLanguage\":\"hu\"},{\"@type\":\"Person\",\"@id\":\"https:\/\/www.hillers.de\/hu\/#\/schema\/person\/77e6815702dcabe36b45868c0a562664\",\"name\":\"jkikillus\",\"image\":{\"@type\":\"ImageObject\",\"inLanguage\":\"hu\",\"@id\":\"https:\/\/www.hillers.de\/hu\/#\/schema\/person\/image\/\",\"url\":\"https:\/\/secure.gravatar.com\/avatar\/9cd7b1e7eea44fa582251686743d3a0dbb5c36ec90c24d55697bc0b9e800593a?s=96&d=mm&r=g\",\"contentUrl\":\"https:\/\/secure.gravatar.com\/avatar\/9cd7b1e7eea44fa582251686743d3a0dbb5c36ec90c24d55697bc0b9e800593a?s=96&d=mm&r=g\",\"caption\":\"jkikillus\"}}]}<\/script>\n<!-- \/ Yoast SEO plugin. -->","yoast_head_json":{"title":"K\u00e9pz\u00e9si csere a BZE Euskirchenben - Theo Hillers GmbH","robots":{"index":"index","follow":"follow","max-snippet":"max-snippet:-1","max-image-preview":"max-image-preview:large","max-video-preview":"max-video-preview:-1"},"canonical":"https:\/\/www.hillers.de\/hu\/kepzesi-csere-a-bze-euskirchenben\/","og_locale":"hu_HU","og_type":"article","og_title":"K\u00e9pz\u00e9si csere a BZE Euskirchenben - Theo Hillers GmbH","og_description":"2025. szeptember 13-\u00e1n k\u00e9pviseltett\u00fck magunkat a BZE Euskirchenben megrendezett k\u00e9pz\u00e9si [&hellip;]","og_url":"https:\/\/www.hillers.de\/hu\/kepzesi-csere-a-bze-euskirchenben\/","og_site_name":"Theo Hillers GmbH","article_published_time":"2025-09-13T13:07:53+00:00","article_modified_time":"2025-10-17T13:42:38+00:00","og_image":[{"width":800,"height":943,"url":"https:\/\/www.hillers.de\/wp-content\/uploads\/2025\/10\/theo-hillers-ausbildungsmesse-1.webp","type":"image\/webp"}],"author":"jkikillus","twitter_card":"summary_large_image","twitter_misc":{"Szerz\u0151:":"jkikillus","Becs\u00fclt olvas\u00e1si id\u0151":"1 perc"},"schema":{"@context":"https:\/\/schema.org","@graph":[{"@type":"WebPage","@id":"https:\/\/www.hillers.de\/hu\/kepzesi-csere-a-bze-euskirchenben\/","url":"https:\/\/www.hillers.de\/hu\/kepzesi-csere-a-bze-euskirchenben\/","name":"K\u00e9pz\u00e9si csere a BZE Euskirchenben - Theo Hillers GmbH","isPartOf":{"@id":"https:\/\/www.hillers.de\/hu\/#website"},"primaryImageOfPage":{"@id":"https:\/\/www.hillers.de\/hu\/kepzesi-csere-a-bze-euskirchenben\/#primaryimage"},"image":{"@id":"https:\/\/www.hillers.de\/hu\/kepzesi-csere-a-bze-euskirchenben\/#primaryimage"},"thumbnailUrl":"https:\/\/www.hillers.de\/wp-content\/uploads\/2025\/10\/theo-hillers-ausbildungsmesse-1.webp","datePublished":"2025-09-13T13:07:53+00:00","dateModified":"2025-10-17T13:42:38+00:00","author":{"@id":"https:\/\/www.hillers.de\/hu\/#\/schema\/person\/77e6815702dcabe36b45868c0a562664"},"breadcrumb":{"@id":"https:\/\/www.hillers.de\/hu\/kepzesi-csere-a-bze-euskirchenben\/#breadcrumb"},"inLanguage":"hu","potentialAction":[{"@type":"ReadAction","target":["https:\/\/www.hillers.de\/hu\/kepzesi-csere-a-bze-euskirchenben\/"]}]},{"@type":"ImageObject","inLanguage":"hu","@id":"https:\/\/www.hillers.de\/hu\/kepzesi-csere-a-bze-euskirchenben\/#primaryimage","url":"https:\/\/www.hillers.de\/wp-content\/uploads\/2025\/10\/theo-hillers-ausbildungsmesse-1.webp","contentUrl":"https:\/\/www.hillers.de\/wp-content\/uploads\/2025\/10\/theo-hillers-ausbildungsmesse-1.webp","width":800,"height":943,"caption":"Ausbildungsmesse \u2022 Theo Hillers"},{"@type":"BreadcrumbList","@id":"https:\/\/www.hillers.de\/hu\/kepzesi-csere-a-bze-euskirchenben\/#breadcrumb","itemListElement":[{"@type":"ListItem","position":1,"name":"Startseite","item":"https:\/\/www.hillers.de\/hu\/"},{"@type":"ListItem","position":2,"name":"K\u00e9pz\u00e9si csere a BZE Euskirchenben"}]},{"@type":"WebSite","@id":"https:\/\/www.hillers.de\/hu\/#website","url":"https:\/\/www.hillers.de\/hu\/","name":"Theo Hillers GmbH","description":"","potentialAction":[{"@type":"SearchAction","target":{"@type":"EntryPoint","urlTemplate":"https:\/\/www.hillers.de\/hu\/?s={search_term_string}"},"query-input":{"@type":"PropertyValueSpecification","valueRequired":true,"valueName":"search_term_string"}}],"inLanguage":"hu"},{"@type":"Person","@id":"https:\/\/www.hillers.de\/hu\/#\/schema\/person\/77e6815702dcabe36b45868c0a562664","name":"jkikillus","image":{"@type":"ImageObject","inLanguage":"hu","@id":"https:\/\/www.hillers.de\/hu\/#\/schema\/person\/image\/","url":"https:\/\/secure.gravatar.com\/avatar\/9cd7b1e7eea44fa582251686743d3a0dbb5c36ec90c24d55697bc0b9e800593a?s=96&d=mm&r=g","contentUrl":"https:\/\/secure.gravatar.com\/avatar\/9cd7b1e7eea44fa582251686743d3a0dbb5c36ec90c24d55697bc0b9e800593a?s=96&d=mm&r=g","caption":"jkikillus"}}]}},"_links":{"self":[{"href":"https:\/\/www.hillers.de\/hu\/wp-json\/wp\/v2\/posts\/3289","targetHints":{"allow":["GET"]}}],"collection":[{"href":"https:\/\/www.hillers.de\/hu\/wp-json\/wp\/v2\/posts"}],"about":[{"href":"https:\/\/www.hillers.de\/hu\/wp-json\/wp\/v2\/types\/post"}],"author":[{"embeddable":true,"href":"https:\/\/www.hillers.de\/hu\/wp-json\/wp\/v2\/users\/6"}],"replies":[{"embeddable":true,"href":"https:\/\/www.hillers.de\/hu\/wp-json\/wp\/v2\/comments?post=3289"}],"version-history":[{"count":3,"href":"https:\/\/www.hillers.de\/hu\/wp-json\/wp\/v2\/posts\/3289\/revisions"}],"predecessor-version":[{"id":3296,"href":"https:\/\/www.hillers.de\/hu\/wp-json\/wp\/v2\/posts\/3289\/revisions\/3296"}],"wp:featuredmedia":[{"embeddable":true,"href":"https:\/\/www.hillers.de\/hu\/wp-json\/wp\/v2\/media\/3286"}],"wp:attachment":[{"href":"https:\/\/www.hillers.de\/hu\/wp-json\/wp\/v2\/media?parent=3289"}],"wp:term":[{"taxonomy":"category","embeddable":true,"href":"https:\/\/www.hillers.de\/hu\/wp-json\/wp\/v2\/categories?post=3289"},{"taxonomy":"post_tag","embeddable":true,"href":"https:\/\/www.hillers.de\/hu\/wp-json\/wp\/v2\/tags?post=3289"}],"curies":[{"name":"wp","href":"https:\/\/api.w.org\/{rel}","templated":true}]}}