{"id":3300,"date":"2025-09-30T13:15:50","date_gmt":"2025-09-30T13:15:50","guid":{"rendered":"https:\/\/www.hillers.de\/kepzesi-csere-a-schleideni-koezepiskolaban\/"},"modified":"2025-10-17T13:40:57","modified_gmt":"2025-10-17T13:40:57","slug":"kepzesi-csere-a-schleideni-koezepiskolaban","status":"publish","type":"post","link":"https:\/\/www.hillers.de\/hu\/kepzesi-csere-a-schleideni-koezepiskolaban\/","title":{"rendered":"K\u00e9pz\u00e9si csere a schleideni k\u00f6z\u00e9piskol\u00e1ban"},"content":{"rendered":"<p data-start=\"244\" data-end=\"490\">A Theo Hillers h\u00e1rom gyakorlati projekttel mutatkozott be a 2024. szeptember 30-i k\u00e9pz\u00e9si b\u00f6rz\u00e9n a schleideni k\u00f6z\u00e9piskol\u00e1ban, \u00e9s izgalmas betekint\u00e9st ny\u00fajtott az \u00e9rdekl\u0151d\u0151 di\u00e1koknak a v\u00e1llalat m\u0171szaki szakk\u00e9pz\u00e9seibe.<\/p>\n<p data-start=\"492\" data-end=\"831\">A standon a fiatalok nyomon k\u00f6vethett\u00e9k <strong data-start=\"544\" data-end=\"608\">egy bev\u00e1s\u00e1rl\u00f3c\u00e9dula 3D nyomtat\u00e1ssal t\u00f6rt\u00e9n\u0151 tervez\u00e9s\u00e9t \u00e9s gy\u00e1rt\u00e1s\u00e1t<\/strong>, megismerkedhettek a m\u0171szaki rendszerek vez\u00e9rl\u00e9s\u00e9vel \u00e9s mozgat\u00e1s\u00e1val az <strong data-start=\"623\" data-end=\"644\">e-pneumatikai t\u00e1bl\u00e1n<\/strong>, \u00e9s <strong data-start=\"717\" data-end=\"756\">egy bev\u00e1s\u00e1rl\u00f3c\u00e9dula szersz\u00e1mmal val\u00f3 megt\u00f6lt\u00e9s\u00e9vel<\/strong> benyom\u00e1st szerezhettek a gy\u00e1rt\u00e1s sor\u00e1n sz\u00fcks\u00e9ges precizit\u00e1sr\u00f3l \u00e9s gondoss\u00e1gr\u00f3l.<\/p>\n<p data-start=\"833\" data-end=\"1119\">Az \u00e9rdekl\u0151d\u00e9s nagy volt, a besz\u00e9lget\u00e9sek v\u00e1ltozatosak, \u00e9s a technol\u00f3gia ir\u00e1nti lelkesed\u00e9s k\u00e9zzelfoghat\u00f3 volt. A Theo Hillers csapata sz\u00e1m\u00e1ra az esem\u00e9ny \u00e9rt\u00e9kes lehet\u0151s\u00e9g volt arra, hogy a fiatal tehets\u00e9geket a m\u0171szaki szakm\u00e1k ir\u00e1nt inspir\u00e1lja, \u00e9s el\u0151seg\u00edtse a p\u00e1rbesz\u00e9det a potenci\u00e1lis fiatal tehets\u00e9gekkel. <\/p>\n","protected":false},"excerpt":{"rendered":"<p>A Theo Hillers h\u00e1rom gyakorlati projekttel mutatkozott be a 2024. [&hellip;]<\/p>\n","protected":false},"author":6,"featured_media":3283,"comment_status":"closed","ping_status":"open","sticky":false,"template":"","format":"standard","meta":{"inline_featured_image":false,"footnotes":""},"categories":[44],"tags":[],"class_list":["post-3300","post","type-post","status-publish","format-standard","has-post-thumbnail","hentry","category-hirek"],"yoast_head":"<!-- This site is optimized with the Yoast SEO plugin v24.0 - https:\/\/yoast.com\/wordpress\/plugins\/seo\/ -->\n<title>K\u00e9pz\u00e9si csere a schleideni k\u00f6z\u00e9piskol\u00e1ban - Theo Hillers GmbH<\/title>\n<meta name=\"robots\" content=\"index, follow, max-snippet:-1, max-image-preview:large, max-video-preview:-1\" \/>\n<link rel=\"canonical\" href=\"https:\/\/www.hillers.de\/hu\/kepzesi-csere-a-schleideni-koezepiskolaban\/\" \/>\n<meta property=\"og:locale\" content=\"hu_HU\" \/>\n<meta property=\"og:type\" content=\"article\" \/>\n<meta property=\"og:title\" content=\"K\u00e9pz\u00e9si csere a schleideni k\u00f6z\u00e9piskol\u00e1ban - Theo Hillers GmbH\" \/>\n<meta property=\"og:description\" content=\"A Theo Hillers h\u00e1rom gyakorlati projekttel mutatkozott be a 2024. [&hellip;]\" \/>\n<meta property=\"og:url\" content=\"https:\/\/www.hillers.de\/hu\/kepzesi-csere-a-schleideni-koezepiskolaban\/\" \/>\n<meta property=\"og:site_name\" content=\"Theo Hillers GmbH\" \/>\n<meta property=\"article:published_time\" content=\"2025-09-30T13:15:50+00:00\" \/>\n<meta property=\"article:modified_time\" content=\"2025-10-17T13:40:57+00:00\" \/>\n<meta property=\"og:image\" content=\"https:\/\/www.hillers.de\/wp-content\/uploads\/2025\/10\/theo-hillers-ausbildungsmesse-2.webp\" \/>\n\t<meta property=\"og:image:width\" content=\"800\" \/>\n\t<meta property=\"og:image:height\" content=\"943\" \/>\n\t<meta property=\"og:image:type\" content=\"image\/webp\" \/>\n<meta name=\"author\" content=\"jkikillus\" \/>\n<meta name=\"twitter:card\" content=\"summary_large_image\" \/>\n<meta name=\"twitter:label1\" content=\"Szerz\u0151:\" \/>\n\t<meta name=\"twitter:data1\" content=\"jkikillus\" \/>\n\t<meta name=\"twitter:label2\" content=\"Becs\u00fclt olvas\u00e1si id\u0151\" \/>\n\t<meta name=\"twitter:data2\" content=\"1 perc\" \/>\n<script type=\"application\/ld+json\" class=\"yoast-schema-graph\">{\"@context\":\"https:\/\/schema.org\",\"@graph\":[{\"@type\":\"WebPage\",\"@id\":\"https:\/\/www.hillers.de\/hu\/kepzesi-csere-a-schleideni-koezepiskolaban\/\",\"url\":\"https:\/\/www.hillers.de\/hu\/kepzesi-csere-a-schleideni-koezepiskolaban\/\",\"name\":\"K\u00e9pz\u00e9si csere a schleideni k\u00f6z\u00e9piskol\u00e1ban - Theo Hillers GmbH\",\"isPartOf\":{\"@id\":\"https:\/\/www.hillers.de\/hu\/#website\"},\"primaryImageOfPage\":{\"@id\":\"https:\/\/www.hillers.de\/hu\/kepzesi-csere-a-schleideni-koezepiskolaban\/#primaryimage\"},\"image\":{\"@id\":\"https:\/\/www.hillers.de\/hu\/kepzesi-csere-a-schleideni-koezepiskolaban\/#primaryimage\"},\"thumbnailUrl\":\"https:\/\/www.hillers.de\/wp-content\/uploads\/2025\/10\/theo-hillers-ausbildungsmesse-2.webp\",\"datePublished\":\"2025-09-30T13:15:50+00:00\",\"dateModified\":\"2025-10-17T13:40:57+00:00\",\"author\":{\"@id\":\"https:\/\/www.hillers.de\/hu\/#\/schema\/person\/77e6815702dcabe36b45868c0a562664\"},\"breadcrumb\":{\"@id\":\"https:\/\/www.hillers.de\/hu\/kepzesi-csere-a-schleideni-koezepiskolaban\/#breadcrumb\"},\"inLanguage\":\"hu\",\"potentialAction\":[{\"@type\":\"ReadAction\",\"target\":[\"https:\/\/www.hillers.de\/hu\/kepzesi-csere-a-schleideni-koezepiskolaban\/\"]}]},{\"@type\":\"ImageObject\",\"inLanguage\":\"hu\",\"@id\":\"https:\/\/www.hillers.de\/hu\/kepzesi-csere-a-schleideni-koezepiskolaban\/#primaryimage\",\"url\":\"https:\/\/www.hillers.de\/wp-content\/uploads\/2025\/10\/theo-hillers-ausbildungsmesse-2.webp\",\"contentUrl\":\"https:\/\/www.hillers.de\/wp-content\/uploads\/2025\/10\/theo-hillers-ausbildungsmesse-2.webp\",\"width\":800,\"height\":943,\"caption\":\"Ausbildungsmesse \u2022 Theo Hillers\"},{\"@type\":\"BreadcrumbList\",\"@id\":\"https:\/\/www.hillers.de\/hu\/kepzesi-csere-a-schleideni-koezepiskolaban\/#breadcrumb\",\"itemListElement\":[{\"@type\":\"ListItem\",\"position\":1,\"name\":\"Startseite\",\"item\":\"https:\/\/www.hillers.de\/hu\/\"},{\"@type\":\"ListItem\",\"position\":2,\"name\":\"K\u00e9pz\u00e9si csere a schleideni k\u00f6z\u00e9piskol\u00e1ban\"}]},{\"@type\":\"WebSite\",\"@id\":\"https:\/\/www.hillers.de\/hu\/#website\",\"url\":\"https:\/\/www.hillers.de\/hu\/\",\"name\":\"Theo Hillers GmbH\",\"description\":\"\",\"potentialAction\":[{\"@type\":\"SearchAction\",\"target\":{\"@type\":\"EntryPoint\",\"urlTemplate\":\"https:\/\/www.hillers.de\/hu\/?s={search_term_string}\"},\"query-input\":{\"@type\":\"PropertyValueSpecification\",\"valueRequired\":true,\"valueName\":\"search_term_string\"}}],\"inLanguage\":\"hu\"},{\"@type\":\"Person\",\"@id\":\"https:\/\/www.hillers.de\/hu\/#\/schema\/person\/77e6815702dcabe36b45868c0a562664\",\"name\":\"jkikillus\",\"image\":{\"@type\":\"ImageObject\",\"inLanguage\":\"hu\",\"@id\":\"https:\/\/www.hillers.de\/hu\/#\/schema\/person\/image\/\",\"url\":\"https:\/\/secure.gravatar.com\/avatar\/9cd7b1e7eea44fa582251686743d3a0dbb5c36ec90c24d55697bc0b9e800593a?s=96&d=mm&r=g\",\"contentUrl\":\"https:\/\/secure.gravatar.com\/avatar\/9cd7b1e7eea44fa582251686743d3a0dbb5c36ec90c24d55697bc0b9e800593a?s=96&d=mm&r=g\",\"caption\":\"jkikillus\"}}]}<\/script>\n<!-- \/ Yoast SEO plugin. -->","yoast_head_json":{"title":"K\u00e9pz\u00e9si csere a schleideni k\u00f6z\u00e9piskol\u00e1ban - Theo Hillers GmbH","robots":{"index":"index","follow":"follow","max-snippet":"max-snippet:-1","max-image-preview":"max-image-preview:large","max-video-preview":"max-video-preview:-1"},"canonical":"https:\/\/www.hillers.de\/hu\/kepzesi-csere-a-schleideni-koezepiskolaban\/","og_locale":"hu_HU","og_type":"article","og_title":"K\u00e9pz\u00e9si csere a schleideni k\u00f6z\u00e9piskol\u00e1ban - Theo Hillers GmbH","og_description":"A Theo Hillers h\u00e1rom gyakorlati projekttel mutatkozott be a 2024. [&hellip;]","og_url":"https:\/\/www.hillers.de\/hu\/kepzesi-csere-a-schleideni-koezepiskolaban\/","og_site_name":"Theo Hillers GmbH","article_published_time":"2025-09-30T13:15:50+00:00","article_modified_time":"2025-10-17T13:40:57+00:00","og_image":[{"width":800,"height":943,"url":"https:\/\/www.hillers.de\/wp-content\/uploads\/2025\/10\/theo-hillers-ausbildungsmesse-2.webp","type":"image\/webp"}],"author":"jkikillus","twitter_card":"summary_large_image","twitter_misc":{"Szerz\u0151:":"jkikillus","Becs\u00fclt olvas\u00e1si id\u0151":"1 perc"},"schema":{"@context":"https:\/\/schema.org","@graph":[{"@type":"WebPage","@id":"https:\/\/www.hillers.de\/hu\/kepzesi-csere-a-schleideni-koezepiskolaban\/","url":"https:\/\/www.hillers.de\/hu\/kepzesi-csere-a-schleideni-koezepiskolaban\/","name":"K\u00e9pz\u00e9si csere a schleideni k\u00f6z\u00e9piskol\u00e1ban - Theo Hillers GmbH","isPartOf":{"@id":"https:\/\/www.hillers.de\/hu\/#website"},"primaryImageOfPage":{"@id":"https:\/\/www.hillers.de\/hu\/kepzesi-csere-a-schleideni-koezepiskolaban\/#primaryimage"},"image":{"@id":"https:\/\/www.hillers.de\/hu\/kepzesi-csere-a-schleideni-koezepiskolaban\/#primaryimage"},"thumbnailUrl":"https:\/\/www.hillers.de\/wp-content\/uploads\/2025\/10\/theo-hillers-ausbildungsmesse-2.webp","datePublished":"2025-09-30T13:15:50+00:00","dateModified":"2025-10-17T13:40:57+00:00","author":{"@id":"https:\/\/www.hillers.de\/hu\/#\/schema\/person\/77e6815702dcabe36b45868c0a562664"},"breadcrumb":{"@id":"https:\/\/www.hillers.de\/hu\/kepzesi-csere-a-schleideni-koezepiskolaban\/#breadcrumb"},"inLanguage":"hu","potentialAction":[{"@type":"ReadAction","target":["https:\/\/www.hillers.de\/hu\/kepzesi-csere-a-schleideni-koezepiskolaban\/"]}]},{"@type":"ImageObject","inLanguage":"hu","@id":"https:\/\/www.hillers.de\/hu\/kepzesi-csere-a-schleideni-koezepiskolaban\/#primaryimage","url":"https:\/\/www.hillers.de\/wp-content\/uploads\/2025\/10\/theo-hillers-ausbildungsmesse-2.webp","contentUrl":"https:\/\/www.hillers.de\/wp-content\/uploads\/2025\/10\/theo-hillers-ausbildungsmesse-2.webp","width":800,"height":943,"caption":"Ausbildungsmesse \u2022 Theo Hillers"},{"@type":"BreadcrumbList","@id":"https:\/\/www.hillers.de\/hu\/kepzesi-csere-a-schleideni-koezepiskolaban\/#breadcrumb","itemListElement":[{"@type":"ListItem","position":1,"name":"Startseite","item":"https:\/\/www.hillers.de\/hu\/"},{"@type":"ListItem","position":2,"name":"K\u00e9pz\u00e9si csere a schleideni k\u00f6z\u00e9piskol\u00e1ban"}]},{"@type":"WebSite","@id":"https:\/\/www.hillers.de\/hu\/#website","url":"https:\/\/www.hillers.de\/hu\/","name":"Theo Hillers GmbH","description":"","potentialAction":[{"@type":"SearchAction","target":{"@type":"EntryPoint","urlTemplate":"https:\/\/www.hillers.de\/hu\/?s={search_term_string}"},"query-input":{"@type":"PropertyValueSpecification","valueRequired":true,"valueName":"search_term_string"}}],"inLanguage":"hu"},{"@type":"Person","@id":"https:\/\/www.hillers.de\/hu\/#\/schema\/person\/77e6815702dcabe36b45868c0a562664","name":"jkikillus","image":{"@type":"ImageObject","inLanguage":"hu","@id":"https:\/\/www.hillers.de\/hu\/#\/schema\/person\/image\/","url":"https:\/\/secure.gravatar.com\/avatar\/9cd7b1e7eea44fa582251686743d3a0dbb5c36ec90c24d55697bc0b9e800593a?s=96&d=mm&r=g","contentUrl":"https:\/\/secure.gravatar.com\/avatar\/9cd7b1e7eea44fa582251686743d3a0dbb5c36ec90c24d55697bc0b9e800593a?s=96&d=mm&r=g","caption":"jkikillus"}}]}},"_links":{"self":[{"href":"https:\/\/www.hillers.de\/hu\/wp-json\/wp\/v2\/posts\/3300","targetHints":{"allow":["GET"]}}],"collection":[{"href":"https:\/\/www.hillers.de\/hu\/wp-json\/wp\/v2\/posts"}],"about":[{"href":"https:\/\/www.hillers.de\/hu\/wp-json\/wp\/v2\/types\/post"}],"author":[{"embeddable":true,"href":"https:\/\/www.hillers.de\/hu\/wp-json\/wp\/v2\/users\/6"}],"replies":[{"embeddable":true,"href":"https:\/\/www.hillers.de\/hu\/wp-json\/wp\/v2\/comments?post=3300"}],"version-history":[{"count":2,"href":"https:\/\/www.hillers.de\/hu\/wp-json\/wp\/v2\/posts\/3300\/revisions"}],"predecessor-version":[{"id":3305,"href":"https:\/\/www.hillers.de\/hu\/wp-json\/wp\/v2\/posts\/3300\/revisions\/3305"}],"wp:featuredmedia":[{"embeddable":true,"href":"https:\/\/www.hillers.de\/hu\/wp-json\/wp\/v2\/media\/3283"}],"wp:attachment":[{"href":"https:\/\/www.hillers.de\/hu\/wp-json\/wp\/v2\/media?parent=3300"}],"wp:term":[{"taxonomy":"category","embeddable":true,"href":"https:\/\/www.hillers.de\/hu\/wp-json\/wp\/v2\/categories?post=3300"},{"taxonomy":"post_tag","embeddable":true,"href":"https:\/\/www.hillers.de\/hu\/wp-json\/wp\/v2\/tags?post=3300"}],"curies":[{"name":"wp","href":"https:\/\/api.w.org\/{rel}","templated":true}]}}